{"id":1,"date":"2025-08-31T22:03:25","date_gmt":"2025-08-31T22:03:25","guid":{"rendered":"http:\/\/fernandapolicarpo2025.pt\/fernanda\/?p=1"},"modified":"2025-09-19T00:11:28","modified_gmt":"2025-09-19T00:11:28","slug":"montalvao","status":"publish","type":"post","link":"https:\/\/fernandapolicarpo2025.pt\/fernanda\/index.php\/2025\/08\/31\/montalvao\/","title":{"rendered":"FESTAS DE MONTALV\u00c3O 2025"},"content":{"rendered":"\t\t<div data-elementor-type=\"wp-post\" data-elementor-id=\"1\" class=\"elementor elementor-1\" data-elementor-post-type=\"post\">\n\t\t\t\t<div class=\"elementor-element elementor-element-c97638f e-flex e-con-boxed e-con e-parent\" data-id=\"c97638f\" data-element_type=\"container\">\n\t\t\t\t\t<div class=\"e-con-inner\">\n\t\t\t\t<div class=\"elementor-element elementor-element-48946ac elementor-widget elementor-widget-heading\" data-id=\"48946ac\" data-element_type=\"widget\" data-widget_type=\"heading.default\">\n\t\t\t\t\t<h3 class=\"elementor-heading-title elementor-size-default\"><H3>Candidatura de Fernanda Policarpo marcou presen\u00e7a nas Festas de Montalv\u00e3o 2025<\/H3><\/h3>\t\t\t\t<\/div>\n\t\t\t\t\t<\/div>\n\t\t\t\t<\/div>\n\t\t<div class=\"elementor-element elementor-element-7ebe5003 e-flex e-con-boxed e-con e-parent\" data-id=\"7ebe5003\" data-element_type=\"container\">\n\t\t\t\t\t<div class=\"e-con-inner\">\n\t\t\t\t<div class=\"elementor-element elementor-element-6114f01c elementor-widget elementor-widget-text-editor\" data-id=\"6114f01c\" data-element_type=\"widget\" data-widget_type=\"text-editor.default\">\n\t\t\t\t\t\t\t\t\t\n<p><img fetchpriority=\"high\" decoding=\"async\" class=\"alignnone size-full wp-image-534\" src=\"https:\/\/fernandapolicarpo2025.pt\/fernanda\/wp-content\/uploads\/2025\/08\/14ee43ce-4b2a-4023-a427-353086c2750f.jpeg\" alt=\"\" width=\"1600\" height=\"1200\" srcset=\"https:\/\/fernandapolicarpo2025.pt\/fernanda\/wp-content\/uploads\/2025\/08\/14ee43ce-4b2a-4023-a427-353086c2750f.jpeg 1600w, https:\/\/fernandapolicarpo2025.pt\/fernanda\/wp-content\/uploads\/2025\/08\/14ee43ce-4b2a-4023-a427-353086c2750f-300x225.jpeg 300w, https:\/\/fernandapolicarpo2025.pt\/fernanda\/wp-content\/uploads\/2025\/08\/14ee43ce-4b2a-4023-a427-353086c2750f-1024x768.jpeg 1024w, https:\/\/fernandapolicarpo2025.pt\/fernanda\/wp-content\/uploads\/2025\/08\/14ee43ce-4b2a-4023-a427-353086c2750f-768x576.jpeg 768w, https:\/\/fernandapolicarpo2025.pt\/fernanda\/wp-content\/uploads\/2025\/08\/14ee43ce-4b2a-4023-a427-353086c2750f-1536x1152.jpeg 1536w\" sizes=\"(max-width: 1600px) 100vw, 1600px\" \/>A equipa da candidatura de Fernanda Policarpo \u00e0 C\u00e2mara Municipal de Nisa esteve este fim de semana em Montalv\u00e3o para participar nas tradicionais festas da freguesia.<\/p>\n\n<p>Com esta presen\u00e7a, a candidatura voltou a sublinhar a import\u00e2ncia de todas as freguesias no futuro do concelho, refor\u00e7ando a ideia de que <em>\u201cas freguesias tamb\u00e9m s\u00e3o Nisa\u201d<\/em>.<\/p>\n\n<p>O conv\u00edvio com a popula\u00e7\u00e3o e a participa\u00e7\u00e3o nas atividades festivas foram vistos como momentos essenciais de proximidade, demonstrando que o projeto de Fernanda Policarpo quer unir o concelho em torno de um mesmo prop\u00f3sito de desenvolvimento e valoriza\u00e7\u00e3o das suas gentes.<\/p>\n\t\t\t\t\t\t\t\t<\/div>\n\t\t\t\t\t<\/div>\n\t\t\t\t<\/div>\n\t\t\t\t<\/div>\n\t\t","protected":false},"excerpt":{"rendered":"<p>Candidatura de Fernanda Policarpo marcou presen\u00e7a nas Festas de Montalv\u00e3o 2025 A equipa da candidatura de Fernanda Policarpo \u00e0 C\u00e2mara Municipal de Nisa esteve este fim de semana em Montalv\u00e3o [&hellip;]<\/p>\n","protected":false},"author":1,"featured_media":534,"comment_status":"open","ping_status":"open","sticky":false,"template":"elementor_header_footer","format":"standard","meta":{"postBodyCss":"","postBodyMargin":[],"postBodyPadding":[],"postBodyBackground":{"backgroundType":"classic","gradient":""},"_EventAllDay":false,"_EventTimezone":"","_EventStartDate":"","_EventEndDate":"","_EventStartDateUTC":"","_EventEndDateUTC":"","_EventShowMap":false,"_EventShowMapLink":false,"_EventURL":"","_EventCost":"","_EventCostDescription":"","_EventCurrencySymbol":"","_EventCurrencyCode":"","_EventCurrencyPosition":"","_EventDateTimeSeparator":"","_EventTimeRangeSeparator":"","_EventOrganizerID":[],"_EventVenueID":[],"_OrganizerEmail":"","_OrganizerPhone":"","_OrganizerWebsite":"","_VenueAddress":"","_VenueCity":"","_VenueCountry":"","_VenueProvince":"","_VenueState":"","_VenueZip":"","_VenuePhone":"","_VenueURL":"","_VenueStateProvince":"","_VenueLat":"","_VenueLng":"","_VenueShowMap":false,"_VenueShowMapLink":false,"footnotes":""},"categories":[1],"tags":[],"class_list":["post-1","post","type-post","status-publish","format-standard","has-post-thumbnail","hentry","category-sem-categoria"],"_links":{"self":[{"href":"https:\/\/fernandapolicarpo2025.pt\/fernanda\/index.php\/wp-json\/wp\/v2\/posts\/1","targetHints":{"allow":["GET"]}}],"collection":[{"href":"https:\/\/fernandapolicarpo2025.pt\/fernanda\/index.php\/wp-json\/wp\/v2\/posts"}],"about":[{"href":"https:\/\/fernandapolicarpo2025.pt\/fernanda\/index.php\/wp-json\/wp\/v2\/types\/post"}],"author":[{"embeddable":true,"href":"https:\/\/fernandapolicarpo2025.pt\/fernanda\/index.php\/wp-json\/wp\/v2\/users\/1"}],"replies":[{"embeddable":true,"href":"https:\/\/fernandapolicarpo2025.pt\/fernanda\/index.php\/wp-json\/wp\/v2\/comments?post=1"}],"version-history":[{"count":10,"href":"https:\/\/fernandapolicarpo2025.pt\/fernanda\/index.php\/wp-json\/wp\/v2\/posts\/1\/revisions"}],"predecessor-version":[{"id":667,"href":"https:\/\/fernandapolicarpo2025.pt\/fernanda\/index.php\/wp-json\/wp\/v2\/posts\/1\/revisions\/667"}],"wp:featuredmedia":[{"embeddable":true,"href":"https:\/\/fernandapolicarpo2025.pt\/fernanda\/index.php\/wp-json\/wp\/v2\/media\/534"}],"wp:attachment":[{"href":"https:\/\/fernandapolicarpo2025.pt\/fernanda\/index.php\/wp-json\/wp\/v2\/media?parent=1"}],"wp:term":[{"taxonomy":"category","embeddable":true,"href":"https:\/\/fernandapolicarpo2025.pt\/fernanda\/index.php\/wp-json\/wp\/v2\/categories?post=1"},{"taxonomy":"post_tag","embeddable":true,"href":"https:\/\/fernandapolicarpo2025.pt\/fernanda\/index.php\/wp-json\/wp\/v2\/tags?post=1"}],"curies":[{"name":"wp","href":"https:\/\/api.w.org\/{rel}","templated":true}]}}