{"id":669,"date":"2025-09-19T00:16:25","date_gmt":"2025-09-19T00:16:25","guid":{"rendered":"https:\/\/fernandapolicarpo2025.pt\/fernanda\/?p=669"},"modified":"2025-09-19T00:19:54","modified_gmt":"2025-09-19T00:19:54","slug":"apresentacao-da-candidatura","status":"publish","type":"post","link":"https:\/\/fernandapolicarpo2025.pt\/fernanda\/index.php\/2025\/09\/19\/apresentacao-da-candidatura\/","title":{"rendered":"APRESENTA\u00c7\u00c3O DA CANDIDATURA"},"content":{"rendered":"\t\t<div data-elementor-type=\"wp-post\" data-elementor-id=\"669\" class=\"elementor elementor-669\" data-elementor-post-type=\"post\">\n\t\t\t\t<div class=\"elementor-element elementor-element-15b22ca e-flex e-con-boxed e-con e-parent\" data-id=\"15b22ca\" data-element_type=\"container\">\n\t\t\t\t\t<div class=\"e-con-inner\">\n\t\t<div class=\"elementor-element elementor-element-8e05ddf e-con-full e-flex e-con e-child\" data-id=\"8e05ddf\" data-element_type=\"container\">\n\t\t\t\t<div class=\"elementor-element elementor-element-bbf7a26 elementor-widget elementor-widget-image\" data-id=\"bbf7a26\" data-element_type=\"widget\" data-widget_type=\"image.default\">\n\t\t\t\t\t\t\t\t\t\t\t\t\t\t\t<img fetchpriority=\"high\" decoding=\"async\" width=\"512\" height=\"640\" src=\"https:\/\/fernandapolicarpo2025.pt\/fernanda\/wp-content\/uploads\/2025\/09\/547925334_122117609192978998_8161321909876892817_n.jpg\" class=\"attachment-large size-large wp-image-607\" alt=\"apresenta\u00e7\u00e3o fernanda policarpo\" srcset=\"https:\/\/fernandapolicarpo2025.pt\/fernanda\/wp-content\/uploads\/2025\/09\/547925334_122117609192978998_8161321909876892817_n.jpg 512w, https:\/\/fernandapolicarpo2025.pt\/fernanda\/wp-content\/uploads\/2025\/09\/547925334_122117609192978998_8161321909876892817_n-240x300.jpg 240w\" sizes=\"(max-width: 512px) 100vw, 512px\" \/>\t\t\t\t\t\t\t\t\t\t\t\t\t\t\t<\/div>\n\t\t\t\t<\/div>\n\t\t<div class=\"elementor-element elementor-element-24ff757 e-con-full e-flex e-con e-child\" data-id=\"24ff757\" data-element_type=\"container\">\n\t\t\t\t<div class=\"elementor-element elementor-element-a753aca elementor-widget elementor-widget-heading\" data-id=\"a753aca\" data-element_type=\"widget\" data-widget_type=\"heading.default\">\n\t\t\t\t\t<h2 class=\"elementor-heading-title elementor-size-default\">APRESENTA\u00c7\u00c3O DE CANDIDATURA<\/h2>\t\t\t\t<\/div>\n\t\t\t\t<div class=\"elementor-element elementor-element-bf95123 elementor-widget-divider--separator-type-pattern elementor-widget-divider--view-line elementor-widget elementor-widget-divider\" data-id=\"bf95123\" data-element_type=\"widget\" data-widget_type=\"divider.default\">\n\t\t\t\t\t\t\t<div class=\"elementor-divider\" style=\"--divider-pattern-url: url(&quot;data:image\/svg+xml,%3Csvg xmlns=&#039;http:\/\/www.w3.org\/2000\/svg&#039; preserveAspectRatio=&#039;none&#039; overflow=&#039;visible&#039; height=&#039;100%&#039; viewBox=&#039;0 0 24 24&#039; fill=&#039;none&#039; stroke=&#039;black&#039; stroke-width=&#039;1&#039; stroke-linecap=&#039;square&#039; stroke-miterlimit=&#039;10&#039;%3E%3Cpath d=&#039;M0,21c3.3,0,8.3-0.9,15.7-7.1c6.6-5.4,4.4-9.3,2.4-10.3c-3.4-1.8-7.7,1.3-7.3,8.8C11.2,20,17.1,21,24,21&#039;\/%3E%3C\/svg%3E&quot;);\">\n\t\t\t<span class=\"elementor-divider-separator\">\n\t\t\t\t\t\t<\/span>\n\t\t<\/div>\n\t\t\t\t\t\t<\/div>\n\t\t\t\t<div class=\"elementor-element elementor-element-5f5a7da elementor-widget elementor-widget-text-editor\" data-id=\"5f5a7da\" data-element_type=\"widget\" data-widget_type=\"text-editor.default\">\n\t\t\t\t\t\t\t\t\t<p>O Momento est\u00e1 a chegar.<br class=\"html-br\" \/>Convido todos\/as para estarem presentes na apresenta\u00e7\u00e3o dos candidatos e os respectivos programas eleitorais, que podem mudar o concelho, com a humildade e o compromisso que nos distingue.<\/p><h4>N\u00e3o somos oposi\u00e7\u00e3o<br class=\"html-br\" \/>Somos solu\u00e7\u00e3o.<\/h4>\t\t\t\t\t\t\t\t<\/div>\n\t\t\t\t<\/div>\n\t\t\t\t\t<\/div>\n\t\t\t\t<\/div>\n\t\t\t\t<\/div>\n\t\t","protected":false},"excerpt":{"rendered":"<p>APRESENTA\u00c7\u00c3O DE CANDIDATURA O Momento est\u00e1 a chegar.Convido todos\/as para estarem presentes na apresenta\u00e7\u00e3o dos candidatos e os respectivos programas eleitorais, que podem mudar o concelho, com a humildade e [&hellip;]<\/p>\n","protected":false},"author":1,"featured_media":607,"comment_status":"open","ping_status":"open","sticky":false,"template":"","format":"standard","meta":{"postBodyCss":"","postBodyMargin":[],"postBodyPadding":[],"postBodyBackground":{"backgroundType":"classic","gradient":""},"_EventAllDay":false,"_EventTimezone":"","_EventStartDate":"","_EventEndDate":"","_EventStartDateUTC":"","_EventEndDateUTC":"","_EventShowMap":false,"_EventShowMapLink":false,"_EventURL":"","_EventCost":"","_EventCostDescription":"","_EventCurrencySymbol":"","_EventCurrencyCode":"","_EventCurrencyPosition":"","_EventDateTimeSeparator":"","_EventTimeRangeSeparator":"","_EventOrganizerID":[],"_EventVenueID":[],"_OrganizerEmail":"","_OrganizerPhone":"","_OrganizerWebsite":"","_VenueAddress":"","_VenueCity":"","_VenueCountry":"","_VenueProvince":"","_VenueState":"","_VenueZip":"","_VenuePhone":"","_VenueURL":"","_VenueStateProvince":"","_VenueLat":"","_VenueLng":"","_VenueShowMap":false,"_VenueShowMapLink":false,"footnotes":""},"categories":[1],"tags":[],"class_list":["post-669","post","type-post","status-publish","format-standard","has-post-thumbnail","hentry","category-sem-categoria"],"_links":{"self":[{"href":"https:\/\/fernandapolicarpo2025.pt\/fernanda\/index.php\/wp-json\/wp\/v2\/posts\/669","targetHints":{"allow":["GET"]}}],"collection":[{"href":"https:\/\/fernandapolicarpo2025.pt\/fernanda\/index.php\/wp-json\/wp\/v2\/posts"}],"about":[{"href":"https:\/\/fernandapolicarpo2025.pt\/fernanda\/index.php\/wp-json\/wp\/v2\/types\/post"}],"author":[{"embeddable":true,"href":"https:\/\/fernandapolicarpo2025.pt\/fernanda\/index.php\/wp-json\/wp\/v2\/users\/1"}],"replies":[{"embeddable":true,"href":"https:\/\/fernandapolicarpo2025.pt\/fernanda\/index.php\/wp-json\/wp\/v2\/comments?post=669"}],"version-history":[{"count":4,"href":"https:\/\/fernandapolicarpo2025.pt\/fernanda\/index.php\/wp-json\/wp\/v2\/posts\/669\/revisions"}],"predecessor-version":[{"id":673,"href":"https:\/\/fernandapolicarpo2025.pt\/fernanda\/index.php\/wp-json\/wp\/v2\/posts\/669\/revisions\/673"}],"wp:featuredmedia":[{"embeddable":true,"href":"https:\/\/fernandapolicarpo2025.pt\/fernanda\/index.php\/wp-json\/wp\/v2\/media\/607"}],"wp:attachment":[{"href":"https:\/\/fernandapolicarpo2025.pt\/fernanda\/index.php\/wp-json\/wp\/v2\/media?parent=669"}],"wp:term":[{"taxonomy":"category","embeddable":true,"href":"https:\/\/fernandapolicarpo2025.pt\/fernanda\/index.php\/wp-json\/wp\/v2\/categories?post=669"},{"taxonomy":"post_tag","embeddable":true,"href":"https:\/\/fernandapolicarpo2025.pt\/fernanda\/index.php\/wp-json\/wp\/v2\/tags?post=669"}],"curies":[{"name":"wp","href":"https:\/\/api.w.org\/{rel}","templated":true}]}}